{"id":31610,"date":"2024-04-17T06:33:00","date_gmt":"2024-04-17T04:33:00","guid":{"rendered":"https:\/\/fairemaerkteschweiz.ch\/les-agriculteurs-montrent-ce-qui-les-preoccupe\/"},"modified":"2024-04-17T09:22:18","modified_gmt":"2024-04-17T07:22:18","slug":"les-agriculteurs-montrent-ce-qui-les-preoccupe","status":"publish","type":"post","link":"https:\/\/fairemaerkteschweiz.ch\/fr\/les-agriculteurs-montrent-ce-qui-les-preoccupe\/","title":{"rendered":"Les agricultrices et les agriculteurs montrent ce qui les pr\u00e9occupe"},"content":{"rendered":"\n<p><\/p>\n\n\n\n<h2 class=\"wp-block-heading\"><strong>Les agricultrices et les agriculteurs montrent ce qui les pr\u00e9occupe<\/strong><\/h2>\n\n\n\n<p><\/p>\n\n\n\n<p><em>Des r\u00e9sultats alarmants : Les agriculteurs trait\u00e9s injustement en mati\u00e8re de commercialisation et de politique des prix<\/em><\/p>\n\n\n\n<p><strong>On parle beaucoup des paysans et des paysannes suisses. Mais comment ces derniers \u00e9valuent-ils eux-m\u00eames leur situation ? <\/strong><strong>Une nouvelle enqu\u00eate r\u00e9v\u00e8le des tendances alarmantes dans le secteur agricole : <\/strong><strong>Selon le Selfcheck de la M\u00c9S, qui \u00e9tudie l&rsquo;\u00e9quit\u00e9 dans la commercialisation et la formation des prix, une nette majorit\u00e9 des agriculteurs se sentent d\u00e9savantag\u00e9s par rapport \u00e0 leurs acheteurs, souvent puissants sur le march\u00e9, ce qui pourrait avoir une incidence sur le droit de la concurrence.<\/strong><\/p>\n\n\n\n<p>Les r\u00e9sultats concernant la r\u00e9partition \u00e9quitable de la valeur ajout\u00e9e \u00e9taient alarmants : 81 pour cent des agriculteurs interrog\u00e9s sont d&rsquo;avis que leur part de valeur ajout\u00e9e est trop faible, qu&rsquo;ils ne re\u00e7oivent pas assez du franc des consommateurs et qu&rsquo;ils pr\u00e9l\u00e8vent trop sur les niveaux de valeur ajout\u00e9e en aval. En ce qui concerne le niveau des prix et l&rsquo;indemnisation conforme aux d\u00e9penses, 76,9 pour cent ont indiqu\u00e9 que le prix leur \u00e9tait dict\u00e9 et qu&rsquo;il ne couvrait pas les co\u00fbts. 65,4 % critiquent le fait qu&rsquo;ils sont livr\u00e9s sans protection aux conditions unilat\u00e9rales de l&rsquo;acheteur, car celui-ci est souvent puissant sur le march\u00e9.&nbsp;<\/p>\n\n\n\n<p>Les d\u00e9clarations concernant la d\u00e9pendance vis-\u00e0-vis des acheteurs \u00e9taient int\u00e9ressantes : 38,5 % se sentent d\u00e9pendants de leurs acheteurs et se voient ainsi confront\u00e9s \u00e0 des risques extraordinaires. Comme ces situations peuvent souvent \u00eatre consid\u00e9r\u00e9es comme probl\u00e9matiques pour des raisons de droit de la concurrence, une importance particuli\u00e8re leur est accord\u00e9e. Il est \u00e9galement piquant de constater que 9 agriculteurs et agricultrices sur 10 (92 pour cent) se voient confront\u00e9s \u00e0 des pratiques commerciales d\u00e9loyales non pas sur un seul, mais sur plusieurs points de la commercialisation et de la formation des prix.<\/p>\n\n\n\n<p><strong>Des mesures \u00e0 prendre dans le secteur agricole<\/strong><\/p>\n\n\n\n<p>Le selfcheck a \u00e9t\u00e9 d\u00e9velopp\u00e9 par l&rsquo;organisation pour l&rsquo;\u00e9quit\u00e9 March\u00e9s \u00c9quitables Suisse (M\u00c9S) en collaboration avec des experts en concurrence dans le but de permettre aux agriculteurs d&rsquo;\u00e9valuer leur situation en mati\u00e8re d&rsquo;\u00e9quit\u00e9 dans la commercialisation et la formation des prix. \u00abGr\u00e2ce \u00e0 cette enqu\u00eate, nous pouvons d\u00e9sormais \u00e9valuer pour la premi\u00e8re fois la pertinence des r\u00e9sultats au regard du droit de la concurrence\u00bb, dit Stefan Fl\u00fcckiger, pr\u00e9sident de la M\u00c9S.<\/p>\n\n\n\n<p>M\u00c9S rend maintenant le selfcheck accessible \u00e0 tous les agriculteurs et agricultrices afin d&rsquo;obtenir une image compl\u00e8te de la situation dans les fermes suisses. \u00ab\u00a0Nous voulons maintenant enrichir ces r\u00e9sultats pilotes avec d&rsquo;autres donn\u00e9es largement \u00e9tay\u00e9es\u00a0\u00bb, explique Stefan Fl\u00fcckiger, pr\u00e9sident de la M\u00c9S.<\/p>\n\n\n\n<p><strong>Les r\u00e9sultats en d\u00e9tail<\/strong><\/p>\n\n\n\n<p>Dans l&rsquo;ensemble, les situations suivantes sont les plus marquantes dans le domaine de la commercialisation et de la formation des prix : l&rsquo;enqu\u00eate est mal not\u00e9e en ce qui concerne la concurrence et la question de savoir si les conditions minimales pour une concurrence efficace sont remplies. Pour 46,2 pour cent, celles-ci ne sont pas remplies, ce qui influence consid\u00e9rablement la formation des prix. En ce qui concerne la r\u00e9partition \u00e9quitable de la valeur ajout\u00e9e, 81% des personnes interrog\u00e9es estiment que leur part de valeur ajout\u00e9e est trop faible, qu&rsquo;elles ne profitent pas assez du franc des consommateurs et que d&rsquo;autres en profitent trop. En ce qui concerne le niveau des prix et la r\u00e9mun\u00e9ration \u00e9quitable, 76,9% ont indiqu\u00e9 que le prix leur \u00e9tait dict\u00e9 et qu&rsquo;il \u00e9tait en outre trop bas et ne couvrait pas les co\u00fbts (voir ci-dessus).<\/p>\n\n\n\n<p>Les d\u00e9clarations concernant la participation aux d\u00e9cisions et l&rsquo;\u00e9quit\u00e9 des n\u00e9gociations sont tout aussi claires. 65,4 % critiquent le fait de ne pas pouvoir participer \u00e0 la formation des prix et d&rsquo;\u00eatre ainsi livr\u00e9s sans protection aux conditions unilat\u00e9rales de l&rsquo;acheteur (7,7 % se sentent \u00e9galement \u00e0 la merci de l&rsquo;acheteur, mais peuvent s&rsquo;en accommoder). Au total, 40% ont indiqu\u00e9 que la modification unilat\u00e9rale de l&rsquo;accord de livraison leur avait d\u00e9j\u00e0 caus\u00e9 de gros probl\u00e8mes.<\/p>\n\n\n\n<p><strong>Des r\u00e9sultats surprenants sur les organisations sectorielles &#8211; satisfaction sur la pr\u00e9paration des marchandises, la pr\u00e9paration des commandes et d&rsquo;autres points<\/strong><\/p>\n\n\n\n<p>La d\u00e9claration concernant la d\u00e9pendance vis-\u00e0-vis des acheteurs \u00e9tait int\u00e9ressante : 38,5 pour cent se sentent d\u00e9pendants et \u00e0 la merci de leurs acheteurs pour diverses raisons (34,6 pour cent se sentent d\u00e9pendants, mais peuvent s&rsquo;en accommoder). Les r\u00e9sultats concernant les interprofessions ont surpris les experts : pour 69,2 pour cent des r\u00e9pondants, les interprofessions ne fonctionnent pas bien. Ils se sentent d\u00e9savantag\u00e9s parce que les producteurs ne peuvent que rarement y faire valoir leurs int\u00e9r\u00eats (19,2 % indiquent que l&rsquo;interprofession fonctionne bien et de mani\u00e8re satisfaisante pour eux). En ce qui concerne la mise \u00e0 disposition des marchandises, la pr\u00e9paration des commandes et les annulations de derni\u00e8re minute ou le paiement correct concernant l&rsquo;accord, plus de 66% des r\u00e9pondants se sont d\u00e9clar\u00e9s globalement satisfaits.<\/p>\n\n\n\n<p><strong>D\u00e9tails de l&rsquo;installation de l&rsquo;enqu\u00eate<\/strong><\/p>\n\n\n\n<p>Les r\u00e9sultats de la premi\u00e8re \u00e9valuation proviennent de groupes pilotes individuels, avec un total de pr\u00e8s de 30 participantes et participants. La plupart d&rsquo;entre eux sont issus de la production laiti\u00e8re (61,5 pour cent), d&rsquo;autres sont des producteurs d&rsquo;\u0153ufs et de c\u00e9r\u00e9ales.&nbsp;<\/p>\n\n\n\n<p>Les cat\u00e9gories suivantes sont disponibles pour l&rsquo;enqu\u00eate :&nbsp;<\/p>\n\n\n\n<ul class=\"wp-block-list\">\n<li>Si les participants sont fondamentalement satisfaits de la situation et ne se sentent pas d\u00e9pendants d&rsquo;un acheteur, la situation est jug\u00e9e positive. Nous n&rsquo;avons pas pris en compte ces r\u00e9ponses dans l&rsquo;\u00e9valuation.&nbsp;<\/li>\n\n\n\n<li>Si les participants estiment que la concurrence est limit\u00e9e, qu&rsquo;ils se sentent d\u00e9pendants ou trait\u00e9s de mani\u00e8re injuste, mais qu&rsquo;ils peuvent s&rsquo;en accommoder pour diverses raisons (p. ex. parce qu&rsquo;ils ne menacent pas directement leur existence), les faits sont alors jug\u00e9s sous-optimaux et mentionn\u00e9s \u00e0 titre indicatif.<\/li>\n\n\n\n<li>Lorsque les participants se sentent d\u00e9pendants et trait\u00e9s de mani\u00e8re injuste et qu&rsquo;ils ne peuvent ou ne veulent plus accepter les pratiques commerciales d\u00e9loyales, ces faits sont consid\u00e9r\u00e9s comme probl\u00e9matiques pour des raisons de droit de la concurrence et sont pr\u00e9sent\u00e9s plus pr\u00e9cis\u00e9ment dans l&rsquo;\u00e9valuation et saisis quantitativement.<\/li>\n<\/ul>\n\n\n\n<div style=\"height:52px\" aria-hidden=\"true\" class=\"wp-block-spacer\"><\/div>\n\n\n\n<p>Lien vers le  <a href=\"https:\/\/administrator611728.typeform.com\/to\/NdadamtP\" target=\"_blank\" rel=\"noopener noreferrer nofollow\">Selfcheck<\/a>.<\/p>\n\n\n\n<p><\/p>\n","protected":false},"excerpt":{"rendered":"<p>On discute beaucoup actuellement des paysans et paysannes suisses. Mais comment ces derniers \u00e9valuent-ils eux-m\u00eames leur situation ? Une nouvelle enqu\u00eate r\u00e9v\u00e8le des tendances alarmantes dans le secteur agricole : Selon le Selfcheck de la FMS, qui examine l&rsquo;\u00e9quit\u00e9 dans la commercialisation et la formation des prix, une nette majorit\u00e9 des agriculteurs se sentent d\u00e9savantag\u00e9s par rapport \u00e0 leurs acheteurs, souvent puissants sur le march\u00e9, ce qui pourrait avoir une incidence sur le droit de la concurrence.<\/p>\n","protected":false},"author":5,"featured_media":31631,"comment_status":"closed","ping_status":"closed","sticky":false,"template":"","format":"standard","meta":{"_acf_changed":false,"footnotes":""},"categories":[30,91],"tags":[52],"class_list":["post-31610","post","type-post","status-publish","format-standard","has-post-thumbnail","hentry","category-actuel","category-etudes-de-cas","tag-politique-de-prix"],"acf":[],"_links":{"self":[{"href":"https:\/\/fairemaerkteschweiz.ch\/fr\/wp-json\/wp\/v2\/posts\/31610","targetHints":{"allow":["GET"]}}],"collection":[{"href":"https:\/\/fairemaerkteschweiz.ch\/fr\/wp-json\/wp\/v2\/posts"}],"about":[{"href":"https:\/\/fairemaerkteschweiz.ch\/fr\/wp-json\/wp\/v2\/types\/post"}],"author":[{"embeddable":true,"href":"https:\/\/fairemaerkteschweiz.ch\/fr\/wp-json\/wp\/v2\/users\/5"}],"replies":[{"embeddable":true,"href":"https:\/\/fairemaerkteschweiz.ch\/fr\/wp-json\/wp\/v2\/comments?post=31610"}],"version-history":[{"count":0,"href":"https:\/\/fairemaerkteschweiz.ch\/fr\/wp-json\/wp\/v2\/posts\/31610\/revisions"}],"wp:featuredmedia":[{"embeddable":true,"href":"https:\/\/fairemaerkteschweiz.ch\/fr\/wp-json\/wp\/v2\/media\/31631"}],"wp:attachment":[{"href":"https:\/\/fairemaerkteschweiz.ch\/fr\/wp-json\/wp\/v2\/media?parent=31610"}],"wp:term":[{"taxonomy":"category","embeddable":true,"href":"https:\/\/fairemaerkteschweiz.ch\/fr\/wp-json\/wp\/v2\/categories?post=31610"},{"taxonomy":"post_tag","embeddable":true,"href":"https:\/\/fairemaerkteschweiz.ch\/fr\/wp-json\/wp\/v2\/tags?post=31610"}],"curies":[{"name":"wp","href":"https:\/\/api.w.org\/{rel}","templated":true}]}}