{"id":32033,"date":"2024-07-29T15:49:01","date_gmt":"2024-07-29T13:49:01","guid":{"rendered":"https:\/\/fairemaerkteschweiz.ch\/vente-directe-marches-equitables-suisse-lance-son-initiative-article-de-ludovic-pillonel-sur-www-agrihebdo-ch\/"},"modified":"2024-07-29T15:49:10","modified_gmt":"2024-07-29T13:49:10","slug":"vente-directe-marches-equitables-suisse-lance-son-initiative-article-de-ludovic-pillonel-sur-www-agrihebdo-ch","status":"publish","type":"post","link":"https:\/\/fairemaerkteschweiz.ch\/fr\/vente-directe-marches-equitables-suisse-lance-son-initiative-article-de-ludovic-pillonel-sur-www-agrihebdo-ch\/","title":{"rendered":"\u00ab\u00a0Vente directe. March\u00e9s \u00e9quitables Suisse lance son initiative\u00a0\u00bb &#8211; article de Ludovic Pillonel sur www.agrihebdo.ch"},"content":{"rendered":"\n<h3 class=\"wp-block-heading\"><em>\u00a0\u00bb Vente directe. March\u00e9s \u00e9quitables Suisse lance son initiative \u00ab\u00a0<\/em><\/h3>\n\n<p><em>\u00ab\u00a0Baptis\u00e9 local+\u00e9quitable, le projet de l&rsquo;association veut promouvoir les produits de proximit\u00e9 aupr\u00e8s des diff\u00e9rents acteurs concern\u00e9s. Cette initiative se veut compl\u00e9mentaire \u00e0 celles d\u00e9j\u00e0 \u00e9tablies\u00a0\u00bb.<\/em><\/p>\n\n<p>&#8211; Article de Ludovic Pillonel sur www.agrihebdo.ch<\/p>\n\n<div class=\"wp-block-buttons is-content-justification-left is-layout-flex wp-container-core-buttons-is-layout-fc4fd283 wp-block-buttons-is-layout-flex\">\n<div class=\"wp-block-button is-style-outline is-style-outline--1\"><a class=\"wp-block-button__link wp-element-button\" href=\"https:\/\/www.agrihebdo.ch\/articles\/suisse\/marches-equitables-suisse-lance-son-initiative-19788\" target=\"_blank\" rel=\"noopener noreferrer nofollow\">Pour lire <strong>l&rsquo;<\/strong>article complet en fran\u00e7ais, cliquez ici<\/a><\/div>\n<\/div>\n\n<div style=\"height:22px\" aria-hidden=\"true\" class=\"wp-block-spacer\"><\/div>\n\n<p class=\"has-text-align-left\"><em>\u00ab\u00a0L&rsquo;association March\u00e9s \u00e9quitables Suisse (MES), fond\u00e9e l&rsquo;an pass\u00e9, a d&rsquo;abord fait parler d&rsquo;elle \u00e0 travers sa mobilisation contre ce qu&rsquo;elle consid\u00e9rait comme des abus de position dominante. Dans la branche laiti\u00e8re, c&rsquo;est face \u00e0 des d\u00e9ductions de march\u00e9 annonc\u00e9es par Elsa qu&rsquo;elle s&rsquo;est soulev\u00e9e. Plus r\u00e9cemment, elle a d\u00e9pos\u00e9 une plainte aupr\u00e8s de la Commission de la concurrence (Comco) pour \u00ab\u00a0mettre fin aux enrichissements injustifi\u00e9s\u00a0\u00bb d&rsquo;entreprises de la fili\u00e8re des c\u00e9r\u00e9ales au d\u00e9triment des producteurs et des consommateurs.<\/em><\/p>\n\n<p><em>Quelques jours plus tard, le 26 mai, MES se manifestait \u00e0 nouveau en pr\u00e9sentant son initiative local+\u00e9quitable, relative \u00e0 la vente directe.\nStefan Fl\u00fcckiger, pr\u00e9sident de l&rsquo;association, s&rsquo;en explique.\n\u00ab\u00a0Outre notre travail en faveur de pratiques commerciales \u00e9quitables et contre les rapports de force injustes sur le march\u00e9 de la grande distribution, une deuxi\u00e8me voie s&rsquo;est av\u00e9r\u00e9e prometteuse pour obtenir des prix et une r\u00e9partition \u00e9quitables de la valeur ajout\u00e9e : la promotion de la vente directe et le concept des circuits courts de distribution\u00a0\u00bb. Il pr\u00e9cise que la volont\u00e9 de MES n&rsquo;est pas de concurrencer les prestataires existants mais plut\u00f4t de se mettre \u00e0 leur service.  <\/em><\/p>\n\n<p><em>\u00ab\u00a0Pour beaucoup de ces concepts alternatifs, la mise en \u0153uvre est difficile, car elle n\u00e9cessite beaucoup de communication aupr\u00e8s des consommateurs et beaucoup d&rsquo;efforts de commercialisation de la part des producteurs\u00a0\u00bb, rel\u00e8ve-t-il\u00a0\u00bb.<\/em><\/p>\n\n<p><a href=\"https:\/\/www.agrihebdo.ch\/articles\/suisse\/marches-equitables-suisse-lance-son-initiative-19788\" target=\"_blank\" rel=\"noopener noreferrer nofollow\"><\/a><a href=\"https:\/\/www.agrihebdo.ch\/articles\/suisse\/marches-equitables-suisse-lance-son-initiative-19788\" target=\"_blank\" rel=\"noopener noreferrer nofollow\">L&rsquo;article complet de Ludovic Pillonel en fran\u00e7ais sur : www.agrihebdo.ch<\/a><\/p>\n","protected":false},"excerpt":{"rendered":"<p>\u00ab\u00a0Baptis\u00e9 local+\u00e9quitable, le projet de l&rsquo;association veut promouvoir les produits de proximit\u00e9 aupr\u00e8s des diff\u00e9rents acteurs concern\u00e9s. Cette initiative se veut compl\u00e9mentaire \u00e0 celles d\u00e9j\u00e0 \u00e9tablies\u00a0\u00bb. &#8211; Article de Ludovic Pillonel sur www.Agrihebdo.ch<\/p>\n","protected":false},"author":5,"featured_media":31668,"comment_status":"open","ping_status":"open","sticky":false,"template":"","format":"standard","meta":{"_acf_changed":false,"footnotes":""},"categories":[93,30,65],"tags":[53],"class_list":["post-32033","post","type-post","status-publish","format-standard","has-post-thumbnail","hentry","category-actualites","category-actuel","category-contexte","tag-equite"],"acf":[],"_links":{"self":[{"href":"https:\/\/fairemaerkteschweiz.ch\/fr\/wp-json\/wp\/v2\/posts\/32033","targetHints":{"allow":["GET"]}}],"collection":[{"href":"https:\/\/fairemaerkteschweiz.ch\/fr\/wp-json\/wp\/v2\/posts"}],"about":[{"href":"https:\/\/fairemaerkteschweiz.ch\/fr\/wp-json\/wp\/v2\/types\/post"}],"author":[{"embeddable":true,"href":"https:\/\/fairemaerkteschweiz.ch\/fr\/wp-json\/wp\/v2\/users\/5"}],"replies":[{"embeddable":true,"href":"https:\/\/fairemaerkteschweiz.ch\/fr\/wp-json\/wp\/v2\/comments?post=32033"}],"version-history":[{"count":0,"href":"https:\/\/fairemaerkteschweiz.ch\/fr\/wp-json\/wp\/v2\/posts\/32033\/revisions"}],"wp:featuredmedia":[{"embeddable":true,"href":"https:\/\/fairemaerkteschweiz.ch\/fr\/wp-json\/wp\/v2\/media\/31668"}],"wp:attachment":[{"href":"https:\/\/fairemaerkteschweiz.ch\/fr\/wp-json\/wp\/v2\/media?parent=32033"}],"wp:term":[{"taxonomy":"category","embeddable":true,"href":"https:\/\/fairemaerkteschweiz.ch\/fr\/wp-json\/wp\/v2\/categories?post=32033"},{"taxonomy":"post_tag","embeddable":true,"href":"https:\/\/fairemaerkteschweiz.ch\/fr\/wp-json\/wp\/v2\/tags?post=32033"}],"curies":[{"name":"wp","href":"https:\/\/api.w.org\/{rel}","templated":true}]}}