{"id":32345,"date":"2024-09-15T10:18:23","date_gmt":"2024-09-15T08:18:23","guid":{"rendered":"https:\/\/fairemaerkteschweiz.ch\/acheter-localement-dans-le-village-apporter-la-vente-directe-au-peuple\/"},"modified":"2024-09-15T10:50:09","modified_gmt":"2024-09-15T08:50:09","slug":"acheter-localement-dans-le-village-apporter-la-vente-directe-au-peuple","status":"publish","type":"post","link":"https:\/\/fairemaerkteschweiz.ch\/fr\/acheter-localement-dans-le-village-apporter-la-vente-directe-au-peuple\/","title":{"rendered":"Acheter localement dans le village : Apporter la vente directe au peuple"},"content":{"rendered":"\n<p><\/p>\n\n\n\n<h2 class=\"wp-block-heading\"><strong>Acheter local au village : March\u00e9s \u00c9quitables Suisse veut amener la vente directe au peuple<\/strong><\/h2>\n\n\n\n<p><strong>L&rsquo;association March\u00e9s \u00c9quitables Suisse a organis\u00e9 cette ann\u00e9e la premi\u00e8re &lsquo;Journ\u00e9e nationale de la vente directe <em>local+\u00e9quitable<\/em>&lsquo;. Dans des r\u00e9gions de toute la Suisse, des paysans, des restaurants et des entreprises commerciales ont particip\u00e9 et pr\u00e9sent\u00e9 leurs produits \u00e0 la population.   <\/strong><\/p>\n\n\n\n<p>La population est de plus en plus sensible au fait d&rsquo;acheter des produits alimentaires dont elle conna\u00eet l&rsquo;origine et donc le contenu.\nElle est \u00e9galement de plus en plus consciente de l&rsquo;impact environnemental des longs trajets de transport des produits.\nA cela s&rsquo;ajoute une plus grande sensibilit\u00e9 aux prix, c&rsquo;est-\u00e0-dire que les gens ne veulent pas acheter chez un grossiste des produits biologiques chers dont la majeure partie du prix d&rsquo;achat ne parvient pas directement au producteur.  <\/p>\n\n\n\n<p>Afin d&rsquo;informer la population sur les possibilit\u00e9s d&rsquo;acheter des produits locaux et \u00e9quitables dans leur quartier ou leur village, la nouvelle association March\u00e9s \u00c9quitables Suisse a organis\u00e9 samedi la premi\u00e8re journ\u00e9e nationale de la vente directe <a href=\"https:\/\/lokalundfair.ch\/\" target=\"_blank\" rel=\"noopener noreferrer nofollow\">local+\u00e9quitable<\/a>. Les visiteurs ont pu rencontrer les agriculteurs locaux lors de visites de fermes et de restaurants, de d\u00e9gustations ou d&rsquo;un march\u00e9, d\u00e9guster des vins locaux et des saucisses v\u00e9g\u00e9taliennes ou \u00e0 base de viande ou encore participer aux vendanges et \u00e0 la fabrication de leur propre pain.<\/p>\n\n\n\n<p>\u00abDans le cadre du projet local+\u00e9quitable, nous voulons montrer tr\u00e8s concr\u00e8tement lors de la Journ\u00e9e nationale de la vente directe o\u00f9 et comment les producteurs vraiment locaux peuvent \u00eatre soutenus, cr\u00e9er des rencontres lors du march\u00e9, des d\u00e9gustations et des visites de fermes et donner \u00e0 cette th\u00e9matique une importance politique nationale\u00bb, explique Stefan Fl\u00fcckiger, pr\u00e9sident de la M\u00c9S.<\/p>\n\n\n\n<div style=\"height:29px\" aria-hidden=\"true\" class=\"wp-block-spacer\"><\/div>\n\n\n\n<h3 class=\"wp-block-heading\"><strong>Des personnalit\u00e9s du monde des affaires et de la politique<\/strong><\/h3>\n\n\n\n<p>La journ\u00e9e s&rsquo;est ouverte \u00e0 St\u00e4fa, au bord du lac de Zurich, avec des entreprises locales et des discours de repr\u00e9sentants \u00e9conomiques et politiques. Martin Haab, conseiller national et pr\u00e9sident de l&rsquo;Union des paysans zurichois, Marc Schlumberger, vice-pr\u00e9sident de l&rsquo;Union des arts et m\u00e9tiers, Andrea Kuhn-Senn, membre du conseil municipal, Martin Jucker, pionnier local+\u00e9quitable, et Marcus Bosshard, pr\u00e9sident de l&rsquo;association locale de St\u00e4fner local+\u00e9quitable, ont ouvert la journ\u00e9e avec Stefan Fl\u00fcckiger, pr\u00e9sident de la M\u00c9S, et se sont prononc\u00e9s en faveur de l&rsquo;achat directement sur place &#8211; plut\u00f4t que de passer par les grands d\u00e9taillants.<\/p>\n\n\n\n<p><strong>Du point de vue des agriculteurs, Martin Haab, conseiller national et pr\u00e9sident de l&rsquo;Union des agriculteurs zurichois, a d\u00e9clar\u00e9 : <\/strong>\u00abLes agriculteurs sont au d\u00e9but de la cha\u00eene de cr\u00e9ation de valeur pour des aliments sains et frais. L&rsquo;objectif est d&rsquo;amener le plus possible aux consommateurs par le biais de la vente directe ou de circuits de distribution courts, afin de garantir une r\u00e9mun\u00e9ration \u00e9quitable et de garder le plus possible du franc des consommateurs dans les r\u00e9gions. L&rsquo;agriculture apporte ainsi une contribution centrale \u00e0 un comportement d&rsquo;achat durable.\u00bb<\/p>\n\n\n\n<p><strong>Marc Schlumberger, vice-pr\u00e9sident de l&rsquo;association des commer\u00e7ants du district de Meilen, a expliqu\u00e9 que l&rsquo;artisanat joue un r\u00f4le important : <\/strong>\u00abDans un approvisionnement alimentaire local, l&rsquo;artisanat joue un r\u00f4le central. Cela comprend les entreprises de production et de transformation ainsi que le commerce de d\u00e9tail local. Pour fournir \u00e0 la population des aliments frais et de saison, il faut des structures commerciales locales saines. La proximit\u00e9 avec les consommateurs fait des achats une &lsquo;exp\u00e9rience&rsquo;.\u00bb<\/p>\n\n\n\n<p><strong><em>local+fair<\/em>-Le pionnier Martin Jucker de Jucker Farm AG \u00e0 Seegr\u00e4ben a d\u00e9clar\u00e9 \u00e0 ce sujet : <\/strong> \u00abLocal et \u00e9quitable se r\u00e9f\u00e8re au cycle \u00e9conomique r\u00e9gional et local. Il est extr\u00eamement important de le renforcer. Par cons\u00e9quent, les agriculteurs sont par d\u00e9finition des commer\u00e7ants et sont int\u00e9gr\u00e9s dans ce circuit. Pour renforcer la position de l&rsquo;approvisionnement alimentaire local, il est imp\u00e9ratif que les agriculteurs aient plus de libert\u00e9 \u00e9conomique en amont et en aval et qu&rsquo;ils re\u00e7oivent une juste r\u00e9mun\u00e9ration ou qu&rsquo;ils se donnent un juste prix dans la vente directe. Ainsi, les \u00e9changes avec le commerce local seront nettement plus intenses et tout le monde en profitera. Chaque agriculteur a sa place dans l&rsquo;association des artisans et la politique nationale doit cesser d&rsquo;enfoncer des coins dans ce cycle.\u00bb<\/p>\n\n\n\n<p>Chaque commune de Suisse joue un r\u00f4le central dans l&rsquo;ancrage des achats locaux et \u00e9quitables. <strong>Andrea Kuhn-Senn, conseill\u00e8re municipale et pr\u00e9sidente de la commission du d\u00e9veloppement durable de St\u00e4fa, explique l&rsquo;engagement de la commune : <\/strong>\u00abJe me r\u00e9jouis que de nombreux habitants de St\u00e4fa puissent savourer chaque jour quelque chose de bon et de sain issu de la production et de l&rsquo;agriculture locales. L&rsquo;association lokal+fair joue un r\u00f4le important pour encourager la prise de conscience et les comportements d&rsquo;achat correspondants. C&rsquo;est une contribution modeste mais tr\u00e8s importante dans le cadre de la strat\u00e9gie de durabilit\u00e9 2030 de la commune de St\u00e4fa. Nous remercions tous les participants pour leur grand engagement\u00bb.<\/p>\n\n\n\n<p>Et <strong>Marcus Bosshard, pr\u00e9sident de l&rsquo;association lokal+fair St\u00e4fa, ajoute : <\/strong>\u00abLorsque, en tant que St\u00e4faois, j&rsquo;ach\u00e8te les produits qui ont pouss\u00e9 ici \u00e0 St\u00e4fa et qui sont vendus ici, je suis conscient que je renforce notre village. Je vois les champs, les arbres et les agriculteurs qui me fournissent de la nourriture. Cela me rassure. C&rsquo;est cette prise de conscience que l&rsquo;association lokal + fair souhaite renforcer chez tous les habitants.\u00bb<\/p>\n\n\n\n<div style=\"height:29px\" aria-hidden=\"true\" class=\"wp-block-spacer\"><\/div>\n\n\n\n<h3 class=\"wp-block-heading\"><strong>local signifie sur place &#8211; pas chez le grossiste<\/strong><\/h3>\n\n\n\n<p>Avec <em>local+fair <\/em>, l&rsquo;association veut sensibiliser le public aux achats locaux et \u00e9quitables &#8211; et donner un signal contre le &lsquo;local washing&rsquo; des grands distributeurs qui, malgr\u00e9 des pratiques commerciales in\u00e9quitables, essaient de se pr\u00e9senter comme des promoteurs des produits locaux et des agriculteurs. Migros s&rsquo;est r\u00e9cemment pr\u00e9sent\u00e9e dans sa campagne publicitaire comme le \u00ab\u00a0plus grand magasin \u00e0 la ferme de Suisse\u00a0\u00bb et Coop tente \u00e9galement de marquer des points aupr\u00e8s des consommateurs avec son label \u00ab\u00a0Miini Region\u00a0\u00bb. Les agriculteurs n&rsquo;en profitent souvent pas beaucoup, parfois ils ne savent m\u00eame pas que leur marchandise est vendue comme un produit r\u00e9gional. C&rsquo;est ainsi qu&rsquo;un agriculteur bio thurgovien a appris par K-Tipp que Coop vendait ses \u0153ufs \u00e0 Zurich sous l&rsquo;appellation \u00ab\u00a0Z\u00fcri-Eier\u00a0\u00bb &#8211; des \u0153ufs de Thurgovie, notons-le. L&rsquo;association veut contrecarrer cela. <\/p>\n\n\n\n<p>\u00abAvec la Journ\u00e9e de la vente directe, la FMS ne se contente pas de d\u00e9noncer les pratiques commerciales d\u00e9loyales des grands distributeurs, elle cr\u00e9e aussi concr\u00e8tement les conditions pour renforcer la production locale et inciter la population \u00e0 consommer r\u00e9gional\u00bb, explique Stefan Fl\u00fcckiger, pr\u00e9sident de la M\u00c9S.<\/p>\n\n\n\n<figure class=\"wp-block-gallery has-nested-images columns-default is-cropped wp-block-gallery-1 is-layout-flex wp-block-gallery-is-layout-flex\">\n<figure class=\"wp-block-image size-large\"><img fetchpriority=\"high\" decoding=\"async\" width=\"768\" height=\"1024\" data-id=\"32341\" src=\"https:\/\/fairemaerkteschweiz.ch\/wp-content\/uploads\/2024\/09\/IMG_5089-768x1024.jpeg\" alt=\"\" class=\"wp-image-32341\" srcset=\"https:\/\/fairemaerkteschweiz.ch\/wp-content\/uploads\/2024\/09\/IMG_5089-768x1024.jpeg 768w, https:\/\/fairemaerkteschweiz.ch\/wp-content\/uploads\/2024\/09\/IMG_5089-225x300.jpeg 225w, https:\/\/fairemaerkteschweiz.ch\/wp-content\/uploads\/2024\/09\/IMG_5089-1152x1536.jpeg 1152w, https:\/\/fairemaerkteschweiz.ch\/wp-content\/uploads\/2024\/09\/IMG_5089-1536x2048.jpeg 1536w, https:\/\/fairemaerkteschweiz.ch\/wp-content\/uploads\/2024\/09\/IMG_5089-scaled.jpeg 1920w\" sizes=\"(max-width: 768px) 100vw, 768px\" \/><\/figure>\n\n\n\n<figure class=\"wp-block-image size-large\"><img decoding=\"async\" width=\"1024\" height=\"768\" data-id=\"32339\" src=\"https:\/\/fairemaerkteschweiz.ch\/wp-content\/uploads\/2024\/09\/IMG_5085-1024x768.jpeg\" alt=\"\" class=\"wp-image-32339\" srcset=\"https:\/\/fairemaerkteschweiz.ch\/wp-content\/uploads\/2024\/09\/IMG_5085-1024x768.jpeg 1024w, https:\/\/fairemaerkteschweiz.ch\/wp-content\/uploads\/2024\/09\/IMG_5085-300x225.jpeg 300w, https:\/\/fairemaerkteschweiz.ch\/wp-content\/uploads\/2024\/09\/IMG_5085-768x576.jpeg 768w, https:\/\/fairemaerkteschweiz.ch\/wp-content\/uploads\/2024\/09\/IMG_5085-1536x1152.jpeg 1536w, https:\/\/fairemaerkteschweiz.ch\/wp-content\/uploads\/2024\/09\/IMG_5085-2048x1536.jpeg 2048w\" sizes=\"(max-width: 1024px) 100vw, 1024px\" \/><\/figure>\n\n\n\n<figure class=\"wp-block-image size-large\"><img decoding=\"async\" width=\"768\" height=\"1024\" data-id=\"32337\" src=\"https:\/\/fairemaerkteschweiz.ch\/wp-content\/uploads\/2024\/09\/IMG_5072-768x1024.jpeg\" alt=\"\" class=\"wp-image-32337\" srcset=\"https:\/\/fairemaerkteschweiz.ch\/wp-content\/uploads\/2024\/09\/IMG_5072-768x1024.jpeg 768w, https:\/\/fairemaerkteschweiz.ch\/wp-content\/uploads\/2024\/09\/IMG_5072-225x300.jpeg 225w, https:\/\/fairemaerkteschweiz.ch\/wp-content\/uploads\/2024\/09\/IMG_5072-1152x1536.jpeg 1152w, https:\/\/fairemaerkteschweiz.ch\/wp-content\/uploads\/2024\/09\/IMG_5072-1536x2048.jpeg 1536w, https:\/\/fairemaerkteschweiz.ch\/wp-content\/uploads\/2024\/09\/IMG_5072-scaled.jpeg 1920w\" sizes=\"(max-width: 768px) 100vw, 768px\" \/><\/figure>\n\n\n\n<figure class=\"wp-block-image size-large\"><img loading=\"lazy\" decoding=\"async\" width=\"768\" height=\"1024\" data-id=\"32335\" src=\"https:\/\/fairemaerkteschweiz.ch\/wp-content\/uploads\/2024\/09\/IMG_5067-768x1024.jpeg\" alt=\"\" class=\"wp-image-32335\" srcset=\"https:\/\/fairemaerkteschweiz.ch\/wp-content\/uploads\/2024\/09\/IMG_5067-768x1024.jpeg 768w, https:\/\/fairemaerkteschweiz.ch\/wp-content\/uploads\/2024\/09\/IMG_5067-225x300.jpeg 225w, https:\/\/fairemaerkteschweiz.ch\/wp-content\/uploads\/2024\/09\/IMG_5067-1152x1536.jpeg 1152w, https:\/\/fairemaerkteschweiz.ch\/wp-content\/uploads\/2024\/09\/IMG_5067-1536x2048.jpeg 1536w, https:\/\/fairemaerkteschweiz.ch\/wp-content\/uploads\/2024\/09\/IMG_5067-scaled.jpeg 1920w\" sizes=\"(max-width: 768px) 100vw, 768px\" \/><\/figure>\n\n\n\n<figure class=\"wp-block-image size-large\"><img loading=\"lazy\" decoding=\"async\" width=\"768\" height=\"1024\" data-id=\"32333\" src=\"https:\/\/fairemaerkteschweiz.ch\/wp-content\/uploads\/2024\/09\/image-768x1024.jpg\" alt=\"\" class=\"wp-image-32333\" srcset=\"https:\/\/fairemaerkteschweiz.ch\/wp-content\/uploads\/2024\/09\/image-768x1024.jpg 768w, https:\/\/fairemaerkteschweiz.ch\/wp-content\/uploads\/2024\/09\/image-225x300.jpg 225w, https:\/\/fairemaerkteschweiz.ch\/wp-content\/uploads\/2024\/09\/image-1152x1536.jpg 1152w, https:\/\/fairemaerkteschweiz.ch\/wp-content\/uploads\/2024\/09\/image-1536x2048.jpg 1536w, https:\/\/fairemaerkteschweiz.ch\/wp-content\/uploads\/2024\/09\/image-scaled.jpg 1920w\" sizes=\"(max-width: 768px) 100vw, 768px\" \/><\/figure>\n\n\n\n<figure class=\"wp-block-image size-large\"><img loading=\"lazy\" decoding=\"async\" width=\"1024\" height=\"768\" data-id=\"32331\" src=\"https:\/\/fairemaerkteschweiz.ch\/wp-content\/uploads\/2024\/09\/image-1-1024x768.jpg\" alt=\"\" class=\"wp-image-32331\" srcset=\"https:\/\/fairemaerkteschweiz.ch\/wp-content\/uploads\/2024\/09\/image-1-1024x768.jpg 1024w, https:\/\/fairemaerkteschweiz.ch\/wp-content\/uploads\/2024\/09\/image-1-300x225.jpg 300w, https:\/\/fairemaerkteschweiz.ch\/wp-content\/uploads\/2024\/09\/image-1-768x576.jpg 768w, https:\/\/fairemaerkteschweiz.ch\/wp-content\/uploads\/2024\/09\/image-1-1536x1152.jpg 1536w, https:\/\/fairemaerkteschweiz.ch\/wp-content\/uploads\/2024\/09\/image-1-2048x1536.jpg 2048w\" sizes=\"(max-width: 1024px) 100vw, 1024px\" \/><\/figure>\n<\/figure>\n\n\n\n<p>Plus de photos et de vid\u00e9os \u00e0 venir.<\/p>\n\n\n\n<p><br><\/p>\n","protected":false},"excerpt":{"rendered":"<p>Acheter local au village : March\u00e9s \u00c9quitables Suisse veut amener la vente directe au peuple L&rsquo;association March\u00e9s \u00c9quitables Suisse a organis\u00e9 cette ann\u00e9e la premi\u00e8re &lsquo;Journ\u00e9e nationale de la vente directe local+\u00e9quitable&lsquo;. Dans des r\u00e9gions de toute la Suisse, des paysans, des restaurants et des entreprises commerciales ont particip\u00e9 et pr\u00e9sent\u00e9 leurs produits \u00e0 la [&hellip;]<\/p>\n","protected":false},"author":5,"featured_media":32340,"comment_status":"open","ping_status":"open","sticky":false,"template":"","format":"standard","meta":{"_acf_changed":false,"footnotes":""},"categories":[30,93],"tags":[53,42,43],"class_list":["post-32345","post","type-post","status-publish","format-standard","has-post-thumbnail","hentry","category-actuel","category-actualites","tag-equite","tag-local","tag-regional-fr"],"acf":[],"_links":{"self":[{"href":"https:\/\/fairemaerkteschweiz.ch\/fr\/wp-json\/wp\/v2\/posts\/32345","targetHints":{"allow":["GET"]}}],"collection":[{"href":"https:\/\/fairemaerkteschweiz.ch\/fr\/wp-json\/wp\/v2\/posts"}],"about":[{"href":"https:\/\/fairemaerkteschweiz.ch\/fr\/wp-json\/wp\/v2\/types\/post"}],"author":[{"embeddable":true,"href":"https:\/\/fairemaerkteschweiz.ch\/fr\/wp-json\/wp\/v2\/users\/5"}],"replies":[{"embeddable":true,"href":"https:\/\/fairemaerkteschweiz.ch\/fr\/wp-json\/wp\/v2\/comments?post=32345"}],"version-history":[{"count":0,"href":"https:\/\/fairemaerkteschweiz.ch\/fr\/wp-json\/wp\/v2\/posts\/32345\/revisions"}],"wp:featuredmedia":[{"embeddable":true,"href":"https:\/\/fairemaerkteschweiz.ch\/fr\/wp-json\/wp\/v2\/media\/32340"}],"wp:attachment":[{"href":"https:\/\/fairemaerkteschweiz.ch\/fr\/wp-json\/wp\/v2\/media?parent=32345"}],"wp:term":[{"taxonomy":"category","embeddable":true,"href":"https:\/\/fairemaerkteschweiz.ch\/fr\/wp-json\/wp\/v2\/categories?post=32345"},{"taxonomy":"post_tag","embeddable":true,"href":"https:\/\/fairemaerkteschweiz.ch\/fr\/wp-json\/wp\/v2\/tags?post=32345"}],"curies":[{"name":"wp","href":"https:\/\/api.w.org\/{rel}","templated":true}]}}