{"id":33146,"date":"2025-01-28T15:17:08","date_gmt":"2025-01-28T14:17:08","guid":{"rendered":"https:\/\/fairemaerkteschweiz.ch\/webinaire-kagfreiland-un-regard-derriere-les-portes-du-poulailler-le-bien-etre-animal-dans-la-production-doeufs\/"},"modified":"2025-05-13T14:17:44","modified_gmt":"2025-05-13T12:17:44","slug":"webinaire-kagfreiland-un-regard-derriere-les-portes-du-poulailler-le-bien-etre-animal-dans-la-production-doeufs","status":"publish","type":"post","link":"https:\/\/fairemaerkteschweiz.ch\/fr\/webinaire-kagfreiland-un-regard-derriere-les-portes-du-poulailler-le-bien-etre-animal-dans-la-production-doeufs\/","title":{"rendered":"Contribution d&rsquo;invit\u00e9 I Webinaire KAGfreiland : Un coup d&rsquo;\u0153il derri\u00e8re les portes du poulailler &#8211; le bien-\u00eatre animal dans la production d&rsquo;\u0153ufs"},"content":{"rendered":"\n<p>FMS donne r\u00e9guli\u00e8rement la parole \u00e0 des voix et des contenus d&rsquo;autres organisations. Cette fois-ci, il s&rsquo;agit de KAGfreiland avec une r\u00e9f\u00e9rence \u00e0 un nouveau webinaire. <\/p>\n\n<hr class=\"wp-block-separator has-alpha-channel-opacity\"\/>\n\n<div style=\"height:100px\" aria-hidden=\"true\" class=\"wp-block-spacer\"><\/div>\n\n<p><strong>Combien d&rsquo;\u0153ufs pond une poule ? Pourquoi tout le monde parle-t-il actuellement de coqs fratricides ? Et quelle est la diff\u00e9rence entre les \u0153ufs de poules \u00e9lev\u00e9es en plein air et les \u0153ufs biologiques ?  <\/strong><\/p>\n\n<p>Ces questions et d&rsquo;autres questions passionnantes seront au c\u0153ur du webinaire en ligne gratuit de <strong>KAGfreiland<\/strong>: <strong>\u00ab\u00a0Un coup d&rsquo;\u0153il derri\u00e8re les portes du poulailler &#8211; le bien-\u00eatre des animaux dans la production d&rsquo;\u0153ufs<\/strong>\u00ab\u00a0, le <strong>19 f\u00e9vrier 2025, \u00e0 19h30<\/strong>.  <\/p>\n\n<div class=\"wp-block-buttons alignwide has-white-background-color has-background is-horizontal is-content-justification-center is-layout-flex wp-container-core-buttons-is-layout-3576d976 wp-block-buttons-is-layout-flex\">\n<div class=\"wp-block-button is-style-outline is-style-outline--1\"><a class=\"wp-block-button__link wp-element-button\" href=\"https:\/\/www.kagfreiland.ch\/projekte\/webinar-ein-blick-hinter-die-stalltueren-laufend\/\" target=\"_blank\" rel=\"noopener noreferrer nofollow\"><strong>Inscrivez-vous ici d\u00e8s maintenant<\/strong><\/a><\/div>\n<\/div>\n\n<p><\/p>\n\n<p>Diff\u00e9rentes formes d&rsquo;\u00e9levage et de production sont pr\u00e9sent\u00e9es avec de nombreuses illustrations. Les diff\u00e9rences de label et les d\u00e9fis actuels pour les exploitations de poules pondeuses sont \u00e9galement abord\u00e9s. En outre, un producteur KAGfreiland donne un aper\u00e7u de l&rsquo;\u00e9levage des poules pondeuses dans son exploitation.  <\/p>\n\n<p><strong>Intervenants : <\/strong>Collaborateurs et producteurs de KAGfreiland<\/p>\n\n<p><strong>La participation est gratuite.<\/strong>  Les personnes int\u00e9ress\u00e9es peuvent s&rsquo;inscrire directement sur le site web de KAGfreiland. N&rsquo;h\u00e9sitez pas \u00e0 inviter votre famille et vos amis \u00e0 participer \u00e0 ce webinaire informatif ! <\/p>\n\n<p><strong>Plus d&rsquo;informations et inscription :<\/strong><br\/>\ud83d\udc49 <a href=\"https:\/\/www.kagfreiland.ch\/projekte\/webinar-ein-blick-hinter-die-stalltueren-laufend\/\" target=\"_blank\" rel=\"noopener noreferrer nofollow\">Webinaire KAGfreiland &#8211; Un regard derri\u00e8re les portes de l&rsquo;\u00e9table<\/a><\/p>\n\n<p><\/p>\n","protected":false},"excerpt":{"rendered":"<p>Combien d&rsquo;\u0153ufs pond une poule ? Pourquoi tout le monde parle-t-il actuellement de coqs fratricides ? Et quelle est la diff\u00e9rence entre les \u0153ufs de poules \u00e9lev\u00e9es en plein air et les \u0153ufs biologiques ?   Ces questions et d&rsquo;autres questions passionnantes seront au c\u0153ur du webinaire en ligne gratuit de KAGfreiland : \u00ab\u00a0Un coup d&rsquo;\u0153il derri\u00e8re les portes du poulailler &#8211; le bien-\u00eatre des animaux dans la production d&rsquo;\u0153ufs\u00a0\u00bb, le 19 f\u00e9vrier 2025, \u00e0 19h30.  <\/p>\n","protected":false},"author":5,"featured_media":33140,"comment_status":"open","ping_status":"open","sticky":false,"template":"","format":"standard","meta":{"_acf_changed":false,"footnotes":""},"categories":[30,31],"tags":[244,242,246,245,243],"class_list":["post-33146","post","type-post","status-publish","format-standard","has-post-thumbnail","hentry","category-actuel","category-contribution-dinvite","tag-bien-etre-animal","tag-contribution-dinvite","tag-differences-entre-les-labels","tag-oeufs-biologiques","tag-production-doeufs"],"acf":[],"_links":{"self":[{"href":"https:\/\/fairemaerkteschweiz.ch\/fr\/wp-json\/wp\/v2\/posts\/33146","targetHints":{"allow":["GET"]}}],"collection":[{"href":"https:\/\/fairemaerkteschweiz.ch\/fr\/wp-json\/wp\/v2\/posts"}],"about":[{"href":"https:\/\/fairemaerkteschweiz.ch\/fr\/wp-json\/wp\/v2\/types\/post"}],"author":[{"embeddable":true,"href":"https:\/\/fairemaerkteschweiz.ch\/fr\/wp-json\/wp\/v2\/users\/5"}],"replies":[{"embeddable":true,"href":"https:\/\/fairemaerkteschweiz.ch\/fr\/wp-json\/wp\/v2\/comments?post=33146"}],"version-history":[{"count":0,"href":"https:\/\/fairemaerkteschweiz.ch\/fr\/wp-json\/wp\/v2\/posts\/33146\/revisions"}],"wp:featuredmedia":[{"embeddable":true,"href":"https:\/\/fairemaerkteschweiz.ch\/fr\/wp-json\/wp\/v2\/media\/33140"}],"wp:attachment":[{"href":"https:\/\/fairemaerkteschweiz.ch\/fr\/wp-json\/wp\/v2\/media?parent=33146"}],"wp:term":[{"taxonomy":"category","embeddable":true,"href":"https:\/\/fairemaerkteschweiz.ch\/fr\/wp-json\/wp\/v2\/categories?post=33146"},{"taxonomy":"post_tag","embeddable":true,"href":"https:\/\/fairemaerkteschweiz.ch\/fr\/wp-json\/wp\/v2\/tags?post=33146"}],"curies":[{"name":"wp","href":"https:\/\/api.w.org\/{rel}","templated":true}]}}