{"id":33731,"date":"2025-04-04T08:54:34","date_gmt":"2025-04-04T06:54:34","guid":{"rendered":"https:\/\/fairemaerkteschweiz.ch\/de-la-region-pour-la-region-dans-quelle-mesure-le-label-migros-est-il-vraiment-regional-fms-fait-le-point\/"},"modified":"2025-04-04T09:26:35","modified_gmt":"2025-04-04T07:26:35","slug":"de-la-region-pour-la-region-dans-quelle-mesure-le-label-migros-est-il-vraiment-regional-fms-fait-le-point","status":"publish","type":"post","link":"https:\/\/fairemaerkteschweiz.ch\/fr\/de-la-region-pour-la-region-dans-quelle-mesure-le-label-migros-est-il-vraiment-regional-fms-fait-le-point\/","title":{"rendered":"\u00ab\u00a0De la r\u00e9gion. Pour la r\u00e9gion\u00a0\u00bb &#8211; Dans quelle mesure le label Migros est-il vraiment r\u00e9gional ? M\u00c9S fait le point."},"content":{"rendered":"\n<p><\/p>\n\n\n\n<h2 class=\"wp-block-heading\">\u00ab\u00a0De la r\u00e9gion. Pour la r\u00e9gion\u00a0\u00bb &#8211; Dans quelle mesure le label est-il vraiment r\u00e9gional ? M\u00c9S fait le point.<\/h2>\n\n\n\n<p><strong>\ud83d\uddde\ufe0f \u00ab\u00a0Label Migros controvers\u00e9 &#8211; Pas toujours du lait d&rsquo;\u00e0 c\u00f4t\u00e9 : ce qui se cache derri\u00e8re \u00ab\u00a0De la r\u00e9gion. Pour la r\u00e9gion\u00a0\u00bb se cache vraiment\u00a0\u00bb, \u00e9crit le <a href=\"https:\/\/www.linkedin.com\/company\/sonntagszeitung\/\" target=\"_blank\" rel=\"noreferrer noopener\">journal SonntagsZeitung<\/a>. \ud83d\uddef\ufe0f Le pr\u00e9sident de M\u00c9S <a href=\"https:\/\/www.linkedin.com\/in\/ACoAAAFtgmMBulXJwVDnmylrAFC3Gymyup2DigA\" target=\"_blank\" rel=\"noopener noreferrer nofollow\"><\/a>Stefan Flueckiger classe l&rsquo;article de Christopher Gilb : \u00ab\u00a0Si Migros mise de plus en plus sur le CdR, cela revient \u00e0 diluer sa strat\u00e9gie de d\u00e9veloppement durable\u00a0\u00bb. Et, selon la SoZ : \u00ab\u00a0Fl\u00fcckiger critique le fait que la disposition \u00e0 payer des consommateurs est exploit\u00e9e (&#8230;)\u00a0\u00bb.   <\/strong><\/p>\n\n\n\n<p>L&rsquo;article complet est disponible dans l&rsquo;Epaper ou en ligne chez Tamedia ici <a href=\"https:\/\/www.tagesanzeiger.ch\/migros-was-sich-hinter-aus-der-region-fuer-die-region-verbirgt-869114908923\" target=\"_blank\" rel=\"noreferrer noopener\">: https:\/\/www.tagesanzeiger.ch\/migros-was-sich-hinter-aus-der-region-fuer-die-region-verbirgt-869114908923<\/a><\/p>\n\n\n\n<figure class=\"wp-block-image size-large\"><img fetchpriority=\"high\" decoding=\"async\" width=\"1024\" height=\"938\" src=\"https:\/\/fairemaerkteschweiz.ch\/wp-content\/uploads\/2025\/04\/Bild-04.04.25-um-08.42-1024x938.jpeg\" alt=\"\" class=\"wp-image-33724\" srcset=\"https:\/\/fairemaerkteschweiz.ch\/wp-content\/uploads\/2025\/04\/Bild-04.04.25-um-08.42-1024x938.jpeg 1024w, https:\/\/fairemaerkteschweiz.ch\/wp-content\/uploads\/2025\/04\/Bild-04.04.25-um-08.42-300x275.jpeg 300w, https:\/\/fairemaerkteschweiz.ch\/wp-content\/uploads\/2025\/04\/Bild-04.04.25-um-08.42-768x703.jpeg 768w, https:\/\/fairemaerkteschweiz.ch\/wp-content\/uploads\/2025\/04\/Bild-04.04.25-um-08.42-1536x1406.jpeg 1536w, https:\/\/fairemaerkteschweiz.ch\/wp-content\/uploads\/2025\/04\/Bild-04.04.25-um-08.42.jpeg 1622w\" sizes=\"(max-width: 1024px) 100vw, 1024px\" \/><\/figure>\n\n\n\n<div style=\"height:55px\" aria-hidden=\"true\" class=\"wp-block-spacer\"><\/div>\n\n\n\n<h3 class=\"wp-block-heading\">Agriculteur suisse : \u00ab\u00a0Les limites seront larges\u00a0\u00bb.<\/h3>\n\n\n\n<p>Et le &lsquo;Schweizer Bauer&rsquo; en parle \u00e9galement : Sous le titre \u00ab\u00a0Die Grenzen wird weit gefasst\u00a0\u00bb (Les fronti\u00e8res sont tr\u00e8s larges), le \ud83d\uddde\ufe0f <a href=\"https:\/\/www.linkedin.com\/in\/ACoAAEEHaBkBtbmXDAehcO0CFC4__fQ-goGYKb0\" target=\"_blank\" rel=\"noopener noreferrer nofollow\"><\/a><a href=\"https:\/\/www.linkedin.com\/in\/schweizer-bauer-389460265\/\" target=\"_blank\" rel=\"noreferrer noopener\">Paysan suisse<\/a> de la commercialisation de &lsquo;De la r\u00e9gion&rsquo; de Migros, critiqu\u00e9e par <a href=\"https:\/\/www.linkedin.com\/company\/faire-m%C3%A4rkte-schweiz\/\" target=\"_blank\" rel=\"noreferrer noopener\">Faire M\u00e4rkte Schweiz &#8211; March\u00e9s \u00c9quitables Suisse<\/a>.<br><br>\u00ab\u00a0Migros mise sur le r\u00e9gionalisme, mais la d\u00e9finition est \u00e9lastique\u00a0\u00bb, poursuit le &lsquo;Schweizer Bauer&rsquo;. Et d&rsquo;ajouter : Le label du CdR sugg\u00e8re aux consommateurs une valeur ajout\u00e9e, sans toutefois fixer d&rsquo;exigences contraignantes en mati\u00e8re de bien-\u00eatre animal ou d&rsquo;\u00e9cologie. <br><br>Pr\u00e9sident de M\u00c9S <a href=\"https:\/\/www.linkedin.com\/in\/ACoAAAFtgmMBulXJwVDnmylrAFC3Gymyup2DigA\" target=\"_blank\" rel=\"noopener noreferrer nofollow\"><\/a><a href=\"https:\/\/www.linkedin.com\/in\/stefan-flueckiger-3430328\/\" target=\"_blank\" rel=\"noreferrer noopener\">Stefan Flueckiger<\/a> attire l&rsquo;attention sur le fait qu&rsquo;AdR dilue la strat\u00e9gie de d\u00e9veloppement durable du groupe. Et ce n&rsquo;est pas tout : \u00ab\u00a0Ceux qui ne profitent pas de la hausse des prix sont les agriculteurs\u00a0\u00bb, a d\u00e9clar\u00e9 le pr\u00e9sident Fl\u00fcckiger. <br><br>L&rsquo;article complet dans l&rsquo;\u00e9dition papier de la semaine en cours sur <a href=\"http:\/\/www.schweizerbauer.ch\/\" target=\"_blank\" rel=\"noreferrer noopener\">www.schweizerbauer.ch.<\/a><\/p>\n\n\n\n<figure class=\"wp-block-image size-large\"><img decoding=\"async\" width=\"1024\" height=\"1024\" src=\"https:\/\/fairemaerkteschweiz.ch\/wp-content\/uploads\/2025\/04\/FMS-Karussel-Follower-1-1024x1024.png\" alt=\"\" class=\"wp-image-33722\" srcset=\"https:\/\/fairemaerkteschweiz.ch\/wp-content\/uploads\/2025\/04\/FMS-Karussel-Follower-1-1024x1024.png 1024w, https:\/\/fairemaerkteschweiz.ch\/wp-content\/uploads\/2025\/04\/FMS-Karussel-Follower-1-300x300.png 300w, https:\/\/fairemaerkteschweiz.ch\/wp-content\/uploads\/2025\/04\/FMS-Karussel-Follower-1-150x150.png 150w, https:\/\/fairemaerkteschweiz.ch\/wp-content\/uploads\/2025\/04\/FMS-Karussel-Follower-1-768x768.png 768w, https:\/\/fairemaerkteschweiz.ch\/wp-content\/uploads\/2025\/04\/FMS-Karussel-Follower-1.png 1080w\" sizes=\"(max-width: 1024px) 100vw, 1024px\" \/><\/figure>\n\n\n\n<div style=\"height:100px\" aria-hidden=\"true\" class=\"wp-block-spacer\"><\/div>\n\n\n\n<h3 class=\"wp-block-heading\"> <strong>\u00ab\u00a0<\/strong>Les r\u00e9gions sont beaucoup trop grandes et ne tiennent pas compte de la petite taille de la Suisse\u00a0\u00bb.<\/h3>\n\n\n\n<p>Dans son <a href=\"https:\/\/www.linkedin.com\/feed\/update\/urn:li:activity:7312368898341756928\" target=\"_blank\" rel=\"noreferrer noopener\">article sur LinkedIn<\/a>, il r\u00e9sume <a href=\"https:\/\/www.linkedin.com\/company\/faire-m%C3%A4rkte-schweiz\/\" target=\"_blank\" rel=\"noreferrer noopener\"><\/a><a href=\"https:\/\/www.linkedin.com\/company\/faire-m%C3%A4rkte-schweiz\/\" target=\"_blank\" rel=\"noopener noreferrer nofollow\">March\u00e9s \u00e9quitables Suisse &#8211;<\/a> <a href=\"https:\/\/www.linkedin.com\/in\/stefan-flueckiger-3430328\/\" target=\"_blank\" rel=\"noreferrer noopener\">Stefan Flueckiger<\/a>, pr\u00e9sident de March\u00e9s \u00c9quitables Suisse, r\u00e9sume : <strong>\u00ab\u00a0<\/strong>Les r\u00e9gions sont beaucoup trop grandes et ne tiennent pas compte de la petite taille de la Suisse. Le projet local+fair de M\u00c9S apporte une r\u00e9ponse \u00e0 ce probl\u00e8me, o\u00f9 les cha\u00eenes d&rsquo;approvisionnement doivent \u00eatre aussi courtes et durables que possible. <br><br>La volont\u00e9 de payer des consommateurs est exploit\u00e9e dans le programme du CdR et les agriculteurs ne b\u00e9n\u00e9ficient pas d&rsquo;un prix plus \u00e9lev\u00e9. L&rsquo;environnement et les animaux non plus, car le programme CdR n&rsquo;impose pas d&rsquo;exigences plus \u00e9lev\u00e9es. Dans notre projet local+fair, les exploitations doivent \u00eatre r\u00e9mun\u00e9r\u00e9es \u00e9quitablement pour leurs produits et recevoir une part \u00e9quitable de la valeur ajout\u00e9e. <br><br>Donc, aussi direct et \u00e9quitable que possible : en avril, le mouvement local+fair entre dans sa deuxi\u00e8me ann\u00e9e. \u27a1\ufe0f Les entreprises agricoles, de transformation artisanale et de restauration, le commerce local ainsi que les communes sont incit\u00e9s \u00e0 se joindre (gratuitement) \u00e0 la campagne <a href=\"https:\/\/lokalundfair.ch\/fr\/\" target=\"_blank\" rel=\"noreferrer noopener\">: https:\/\/lokalundfair.ch\/\u00a0\u00bb<\/a><\/p>\n\n\n\n<p><\/p>\n\n\n\n<div class=\"wp-block-buttons is-layout-flex wp-block-buttons-is-layout-flex\">\n<div class=\"wp-block-button\"><a class=\"wp-block-button__link wp-element-button\" href=\"https:\/\/www.linkedin.com\/company\/faire-m%C3%A4rkte-schweiz\/\" target=\"_blank\" rel=\"noreferrer noopener\"><strong>S&rsquo;abonner \u00e0 FMS sur LinkedIn et rester inform\u00e9(e)<\/strong><\/a><\/div>\n<\/div>\n\n\n\n<div style=\"height:42px\" aria-hidden=\"true\" class=\"wp-block-spacer\"><\/div>\n\n\n\n<figure class=\"wp-block-image size-large\"><img decoding=\"async\" width=\"1600\" height=\"900\" src=\"https:\/\/fairemaerkteschweiz.ch\/wp-content\/uploads\/2025\/04\/jlj_nbvlddo-edited.jpg\" alt=\"bo\u00eete blanche et bleue \u00e9tiquet\u00e9e\" class=\"wp-image-33728\" srcset=\"https:\/\/fairemaerkteschweiz.ch\/wp-content\/uploads\/2025\/04\/jlj_nbvlddo-edited.jpg 1600w, https:\/\/fairemaerkteschweiz.ch\/wp-content\/uploads\/2025\/04\/jlj_nbvlddo-edited-300x169.jpg 300w, https:\/\/fairemaerkteschweiz.ch\/wp-content\/uploads\/2025\/04\/jlj_nbvlddo-edited-1024x576.jpg 1024w, https:\/\/fairemaerkteschweiz.ch\/wp-content\/uploads\/2025\/04\/jlj_nbvlddo-edited-768x432.jpg 768w, https:\/\/fairemaerkteschweiz.ch\/wp-content\/uploads\/2025\/04\/jlj_nbvlddo-edited-1536x864.jpg 1536w\" sizes=\"(max-width: 1600px) 100vw, 1600px\" \/><\/figure>\n","protected":false},"excerpt":{"rendered":"<p>\u00ab\u00a0De la r\u00e9gion. Pour la r\u00e9gion\u00a0\u00bb &#8211; Dans quelle mesure le label est-il vraiment r\u00e9gional ? M\u00c9S fait le point. \ud83d\uddde\ufe0f \u00ab\u00a0Label Migros controvers\u00e9 &#8211; Pas toujours du lait d&rsquo;\u00e0 c\u00f4t\u00e9 : ce qui se cache derri\u00e8re \u00ab\u00a0De la r\u00e9gion. Pour la r\u00e9gion\u00a0\u00bb se cache vraiment\u00a0\u00bb, \u00e9crit le journal SonntagsZeitung. \ud83d\uddef\ufe0f Le pr\u00e9sident de M\u00c9S [&hellip;]<\/p>\n","protected":false},"author":5,"featured_media":33725,"comment_status":"closed","ping_status":"closed","sticky":false,"template":"","format":"standard","meta":{"_acf_changed":false,"footnotes":""},"categories":[30],"tags":[],"class_list":["post-33731","post","type-post","status-publish","format-standard","has-post-thumbnail","hentry","category-actuel"],"acf":[],"_links":{"self":[{"href":"https:\/\/fairemaerkteschweiz.ch\/fr\/wp-json\/wp\/v2\/posts\/33731","targetHints":{"allow":["GET"]}}],"collection":[{"href":"https:\/\/fairemaerkteschweiz.ch\/fr\/wp-json\/wp\/v2\/posts"}],"about":[{"href":"https:\/\/fairemaerkteschweiz.ch\/fr\/wp-json\/wp\/v2\/types\/post"}],"author":[{"embeddable":true,"href":"https:\/\/fairemaerkteschweiz.ch\/fr\/wp-json\/wp\/v2\/users\/5"}],"replies":[{"embeddable":true,"href":"https:\/\/fairemaerkteschweiz.ch\/fr\/wp-json\/wp\/v2\/comments?post=33731"}],"version-history":[{"count":0,"href":"https:\/\/fairemaerkteschweiz.ch\/fr\/wp-json\/wp\/v2\/posts\/33731\/revisions"}],"wp:featuredmedia":[{"embeddable":true,"href":"https:\/\/fairemaerkteschweiz.ch\/fr\/wp-json\/wp\/v2\/media\/33725"}],"wp:attachment":[{"href":"https:\/\/fairemaerkteschweiz.ch\/fr\/wp-json\/wp\/v2\/media?parent=33731"}],"wp:term":[{"taxonomy":"category","embeddable":true,"href":"https:\/\/fairemaerkteschweiz.ch\/fr\/wp-json\/wp\/v2\/categories?post=33731"},{"taxonomy":"post_tag","embeddable":true,"href":"https:\/\/fairemaerkteschweiz.ch\/fr\/wp-json\/wp\/v2\/tags?post=33731"}],"curies":[{"name":"wp","href":"https:\/\/api.w.org\/{rel}","templated":true}]}}