{"id":34199,"date":"2025-05-16T15:30:55","date_gmt":"2025-05-16T13:30:55","guid":{"rendered":"https:\/\/fairemaerkteschweiz.ch\/retrospective-perspectives-et-apercus-exclusifs-assemblee-generale-de-la-fms-en-2025\/"},"modified":"2025-05-27T15:39:09","modified_gmt":"2025-05-27T13:39:09","slug":"retrospective-perspectives-et-apercus-exclusifs-assemblee-generale-de-la-fms-en-2025","status":"publish","type":"post","link":"https:\/\/fairemaerkteschweiz.ch\/fr\/retrospective-perspectives-et-apercus-exclusifs-assemblee-generale-de-la-fms-en-2025\/","title":{"rendered":"R\u00e9trospective, perspectives et aper\u00e7us exclusifs : Assembl\u00e9e g\u00e9n\u00e9rale de M\u00c9S en 2025"},"content":{"rendered":"\n<p><\/p>\n\n\n\n<p><\/p>\n\n\n\n<h2 class=\"wp-block-heading\"><strong>Assembl\u00e9e g\u00e9n\u00e9rale de March\u00e9s \u00c9quitables Suisse 2025 : r\u00e9trospective, perspectives et aper\u00e7us exclusifs<\/strong><\/h2>\n\n\n\n<p>L&rsquo;assembl\u00e9e g\u00e9n\u00e9rale 2025 a r\u00e9uni le conseil d&rsquo;administration, les membres et l \u00ab \u00e9quipe. La r\u00e9union et l&rsquo;ap\u00e9ritif qui a suivi ont \u00e9t\u00e9 l&rsquo;occasion d&rsquo;informations, d \u00bb \u00e9changes &#8211; et de bonnes choses \u00e0 manger et \u00e0 boire. <\/p>\n\n\n\n<p>C&rsquo;\u00e9tait la deuxi\u00e8me AG de notre jeune association &#8211; et la premi\u00e8re de la nouvelle ann\u00e9e fiscale. Cette fois-ci, nous nous sommes r\u00e9unis au si\u00e8ge du M\u00c9S, sur les toits &#8211; avec une vision, nous l&rsquo;esp\u00e9rons, \u00e9galement en ce qui concerne le contenu. Nous avons pr\u00e9sent\u00e9 les projets en cours, les id\u00e9es nouvelles et les projets passionnants qui nous accompagneront au cours de l&rsquo;ann\u00e9e \u00e0 venir.<\/p>\n\n\n\n<p>Merci \u00e0 tous ceux qui \u00e9taient pr\u00e9sents &#8211; et \u00e0 tous ceux qui nous soutiennent avec engagement, m\u00eame en dehors de l&rsquo;AG !<\/p>\n\n\n\n<figure class=\"wp-block-gallery has-nested-images columns-default is-cropped wp-block-gallery-1 is-layout-flex wp-block-gallery-is-layout-flex\">\n<figure class=\"wp-block-image size-large\"><img fetchpriority=\"high\" decoding=\"async\" width=\"819\" height=\"1024\" data-id=\"34191\" src=\"https:\/\/fairemaerkteschweiz.ch\/wp-content\/uploads\/2025\/05\/6-819x1024.png\" alt=\"\" class=\"wp-image-34191\" srcset=\"https:\/\/fairemaerkteschweiz.ch\/wp-content\/uploads\/2025\/05\/6-819x1024.png 819w, https:\/\/fairemaerkteschweiz.ch\/wp-content\/uploads\/2025\/05\/6-240x300.png 240w, https:\/\/fairemaerkteschweiz.ch\/wp-content\/uploads\/2025\/05\/6-768x960.png 768w, https:\/\/fairemaerkteschweiz.ch\/wp-content\/uploads\/2025\/05\/6.png 1080w\" sizes=\"(max-width: 819px) 100vw, 819px\" \/><\/figure>\n\n\n\n<figure class=\"wp-block-image size-large\"><img decoding=\"async\" width=\"819\" height=\"1024\" data-id=\"34184\" src=\"https:\/\/fairemaerkteschweiz.ch\/wp-content\/uploads\/2025\/05\/5-819x1024.png\" alt=\"\" class=\"wp-image-34184\" srcset=\"https:\/\/fairemaerkteschweiz.ch\/wp-content\/uploads\/2025\/05\/5-819x1024.png 819w, https:\/\/fairemaerkteschweiz.ch\/wp-content\/uploads\/2025\/05\/5-240x300.png 240w, https:\/\/fairemaerkteschweiz.ch\/wp-content\/uploads\/2025\/05\/5-768x960.png 768w, https:\/\/fairemaerkteschweiz.ch\/wp-content\/uploads\/2025\/05\/5.png 1080w\" sizes=\"(max-width: 819px) 100vw, 819px\" \/><\/figure>\n\n\n\n<figure class=\"wp-block-image size-large\"><img decoding=\"async\" width=\"1080\" height=\"1350\" data-id=\"34195\" src=\"https:\/\/fairemaerkteschweiz.ch\/wp-content\/uploads\/2025\/05\/4-819x1024.png\" alt=\"\" class=\"wp-image-34195\" srcset=\"https:\/\/fairemaerkteschweiz.ch\/wp-content\/uploads\/2025\/05\/4-819x1024.png 819w, https:\/\/fairemaerkteschweiz.ch\/wp-content\/uploads\/2025\/05\/4-240x300.png 240w, https:\/\/fairemaerkteschweiz.ch\/wp-content\/uploads\/2025\/05\/4-768x960.png 768w, https:\/\/fairemaerkteschweiz.ch\/wp-content\/uploads\/2025\/05\/4.png 1080w\" sizes=\"(max-width: 1080px) 100vw, 1080px\" \/><\/figure>\n\n\n\n<figure class=\"wp-block-image size-large\"><img loading=\"lazy\" decoding=\"async\" width=\"819\" height=\"1024\" data-id=\"34189\" src=\"https:\/\/fairemaerkteschweiz.ch\/wp-content\/uploads\/2025\/05\/3-819x1024.png\" alt=\"\" class=\"wp-image-34189\" srcset=\"https:\/\/fairemaerkteschweiz.ch\/wp-content\/uploads\/2025\/05\/3-819x1024.png 819w, https:\/\/fairemaerkteschweiz.ch\/wp-content\/uploads\/2025\/05\/3-240x300.png 240w, https:\/\/fairemaerkteschweiz.ch\/wp-content\/uploads\/2025\/05\/3-768x960.png 768w, https:\/\/fairemaerkteschweiz.ch\/wp-content\/uploads\/2025\/05\/3.png 1080w\" sizes=\"(max-width: 819px) 100vw, 819px\" \/><\/figure>\n\n\n\n<figure class=\"wp-block-image size-large\"><img loading=\"lazy\" decoding=\"async\" width=\"819\" height=\"1024\" data-id=\"34185\" src=\"https:\/\/fairemaerkteschweiz.ch\/wp-content\/uploads\/2025\/05\/2-819x1024.png\" alt=\"\" class=\"wp-image-34185\" srcset=\"https:\/\/fairemaerkteschweiz.ch\/wp-content\/uploads\/2025\/05\/2-819x1024.png 819w, https:\/\/fairemaerkteschweiz.ch\/wp-content\/uploads\/2025\/05\/2-240x300.png 240w, https:\/\/fairemaerkteschweiz.ch\/wp-content\/uploads\/2025\/05\/2-768x960.png 768w, https:\/\/fairemaerkteschweiz.ch\/wp-content\/uploads\/2025\/05\/2.png 1080w\" sizes=\"(max-width: 819px) 100vw, 819px\" \/><\/figure>\n\n\n\n<figure class=\"wp-block-image size-large\"><img loading=\"lazy\" decoding=\"async\" width=\"819\" height=\"1024\" data-id=\"34193\" src=\"https:\/\/fairemaerkteschweiz.ch\/wp-content\/uploads\/2025\/05\/1-819x1024.png\" alt=\"\" class=\"wp-image-34193\" srcset=\"https:\/\/fairemaerkteschweiz.ch\/wp-content\/uploads\/2025\/05\/1-819x1024.png 819w, https:\/\/fairemaerkteschweiz.ch\/wp-content\/uploads\/2025\/05\/1-240x300.png 240w, https:\/\/fairemaerkteschweiz.ch\/wp-content\/uploads\/2025\/05\/1-768x960.png 768w, https:\/\/fairemaerkteschweiz.ch\/wp-content\/uploads\/2025\/05\/1.png 1080w\" sizes=\"(max-width: 819px) 100vw, 819px\" \/><\/figure>\n<\/figure>\n","protected":false},"excerpt":{"rendered":"<p>Assembl\u00e9e g\u00e9n\u00e9rale de March\u00e9s \u00c9quitables Suisse 2025 : r\u00e9trospective, perspectives et aper\u00e7us exclusifs L&rsquo;assembl\u00e9e g\u00e9n\u00e9rale 2025 a r\u00e9uni le conseil d&rsquo;administration, les membres et l \u00ab \u00e9quipe. La r\u00e9union et l&rsquo;ap\u00e9ritif qui a suivi ont \u00e9t\u00e9 l&rsquo;occasion d&rsquo;informations, d \u00bb \u00e9changes &#8211; et de bonnes choses \u00e0 manger et \u00e0 boire. C&rsquo;\u00e9tait la deuxi\u00e8me AG [&hellip;]<\/p>\n","protected":false},"author":5,"featured_media":34181,"comment_status":"closed","ping_status":"closed","sticky":false,"template":"","format":"standard","meta":{"_acf_changed":false,"footnotes":""},"categories":[30,93],"tags":[],"class_list":["post-34199","post","type-post","status-publish","format-standard","has-post-thumbnail","hentry","category-actuel","category-actualites"],"acf":[],"_links":{"self":[{"href":"https:\/\/fairemaerkteschweiz.ch\/fr\/wp-json\/wp\/v2\/posts\/34199","targetHints":{"allow":["GET"]}}],"collection":[{"href":"https:\/\/fairemaerkteschweiz.ch\/fr\/wp-json\/wp\/v2\/posts"}],"about":[{"href":"https:\/\/fairemaerkteschweiz.ch\/fr\/wp-json\/wp\/v2\/types\/post"}],"author":[{"embeddable":true,"href":"https:\/\/fairemaerkteschweiz.ch\/fr\/wp-json\/wp\/v2\/users\/5"}],"replies":[{"embeddable":true,"href":"https:\/\/fairemaerkteschweiz.ch\/fr\/wp-json\/wp\/v2\/comments?post=34199"}],"version-history":[{"count":2,"href":"https:\/\/fairemaerkteschweiz.ch\/fr\/wp-json\/wp\/v2\/posts\/34199\/revisions"}],"predecessor-version":[{"id":34201,"href":"https:\/\/fairemaerkteschweiz.ch\/fr\/wp-json\/wp\/v2\/posts\/34199\/revisions\/34201"}],"wp:featuredmedia":[{"embeddable":true,"href":"https:\/\/fairemaerkteschweiz.ch\/fr\/wp-json\/wp\/v2\/media\/34181"}],"wp:attachment":[{"href":"https:\/\/fairemaerkteschweiz.ch\/fr\/wp-json\/wp\/v2\/media?parent=34199"}],"wp:term":[{"taxonomy":"category","embeddable":true,"href":"https:\/\/fairemaerkteschweiz.ch\/fr\/wp-json\/wp\/v2\/categories?post=34199"},{"taxonomy":"post_tag","embeddable":true,"href":"https:\/\/fairemaerkteschweiz.ch\/fr\/wp-json\/wp\/v2\/tags?post=34199"}],"curies":[{"name":"wp","href":"https:\/\/api.w.org\/{rel}","templated":true}]}}