{"id":35824,"date":"2026-03-16T10:32:57","date_gmt":"2026-03-16T09:32:57","guid":{"rendered":"https:\/\/fairemaerkteschweiz.ch\/suggestion-devenement-une-soiree-pleine-dhistoires-et-de-plaisirs-lecture-avec-nicole-egloff-au-restaurant-castanea\/"},"modified":"2026-03-16T10:33:14","modified_gmt":"2026-03-16T09:33:14","slug":"suggestion-devenement-une-soiree-pleine-dhistoires-et-de-plaisirs-lecture-avec-nicole-egloff-au-restaurant-castanea","status":"publish","type":"post","link":"https:\/\/fairemaerkteschweiz.ch\/fr\/suggestion-devenement-une-soiree-pleine-dhistoires-et-de-plaisirs-lecture-avec-nicole-egloff-au-restaurant-castanea\/","title":{"rendered":"Suggestion d&rsquo;\u00e9v\u00e9nement : une soir\u00e9e pleine d&rsquo;histoires et de plaisirs &#8211; lecture avec Nicole Egloff au restaurant Castanea"},"content":{"rendered":"\n<h2 class=\"wp-block-heading\">Suggestion d&rsquo;\u00e9v\u00e9nement : une soir\u00e9e pleine d&rsquo;histoires et de plaisirs &#8211; lecture avec Nicole Egloff au restaurant Castanea<\/h2>\n\n<p>Le <strong>20 mars 2026<\/strong>, l&rsquo;\u00e9tablissement local+fair <strong>Restaurant Castanea<\/strong> vous invite \u00e0 une soir\u00e9e sp\u00e9ciale : L&rsquo;auteure <strong>Nicole Egloff<\/strong> pr\u00e9sentera son livre <em>\u00ab\u00a0Das Radiesli stimmt mich zuversichtlich\u00a0\u00bb (Le radis me rend confiant<\/em> ) et emm\u00e8nera les invit\u00e9s dans un voyage plein d&rsquo;histoires personnelles sur des exp\u00e9riences inoubliables v\u00e9cues dans les fermes.<\/p>\n\n<p>Dans son livre, Nicole Egloff montre comment <strong>douze fermes repensent l&rsquo;agriculture<\/strong>. A l&rsquo;aide d&rsquo;exemples concrets, elle montre qu&rsquo;une <strong>agriculture respectueuse des ressources, socialement \u00e9quitable, respectueuse des animaux et, dans le meilleur des cas, climatiquement neutre<\/strong> est possible &#8211; sans pour autant renoncer \u00e0 la production d&rsquo;aliments sains. Elle donne un aper\u00e7u du quotidien d&rsquo;agriculteurs tourn\u00e9s vers l&rsquo;avenir et montre <strong>o\u00f9 il faut encore agir au niveau social et politique<\/strong>.  <\/p>\n\n<p>En accord avec la lecture, l&rsquo;\u00e9quipe de Castanea cr\u00e9e un <strong>menu exquis \u00e0 cinq plats<\/strong> qui compl\u00e8te la soir\u00e9e sur le plan culinaire et cr\u00e9e des \u00ab\u00a0souvenirs inoubliables\u00a0\u00bb.<\/p>\n\n<p>Notre conseil : si vous \u00eates curieux de d\u00e9couvrir des histoires inspirantes tout en d\u00e9gustant un menu exquis, ne manquez pas cette soir\u00e9e sp\u00e9ciale.<\/p>\n\n<p>\ud83d\udcc5 <strong>Date &amp; heure :<\/strong> 20 mars 2026, 17h30<br\/>\ud83d\udccd <strong>Lieu :<\/strong> Restaurant Castanea, Usterstrasse 105, 8330 Pf\u00e4ffikon<br\/>\ud83d\udcb0 <strong>Prix :<\/strong> 169.<\/p>\n\n<p>Pour plus d&rsquo;informations et pour vous inscrire, rendez-vous sur : <a href=\"http:\/\/www.castanea-gastro.ch\" target=\"_blank\" rel=\"noopener noreferrer nofollow\">www.castanea-gastro.ch<\/a><\/p>\n\n<p>Plus d&rsquo;informations sur Nicole Egloff et son livre ici : <a href=\"https:\/\/nicoleegloff.ch\/buch\" data-type=\"link\" data-id=\"https:\/\/nicoleegloff.ch\/buch\" target=\"_blank\" rel=\"noopener noreferrer nofollow\">www.nicoleegloff.ch\/buch<\/a><\/p>\n\n<p><\/p>\n","protected":false},"excerpt":{"rendered":"<p>Le 20 mars 2026, l&rsquo;\u00e9tablissement local+fair Restaurant Castanea vous invite \u00e0 une soir\u00e9e sp\u00e9ciale : L&rsquo;auteure Nicole Egloff pr\u00e9sentera son livre \u00ab\u00a0Das Radiesli stimmt mich zuversichtlich\u00a0\u00bb (Le radis me rend confiant) et emm\u00e8nera les invit\u00e9s dans un voyage plein d&rsquo;histoires personnelles sur des exp\u00e9riences inoubliables v\u00e9cues dans les fermes.<\/p>\n","protected":false},"author":5,"featured_media":35822,"comment_status":"closed","ping_status":"closed","sticky":false,"template":"","format":"standard","meta":{"_acf_changed":false,"footnotes":""},"categories":[30,93],"tags":[53,52],"class_list":["post-35824","post","type-post","status-publish","format-standard","has-post-thumbnail","hentry","category-actuel","category-actualites","tag-equite","tag-politique-de-prix"],"acf":[],"_links":{"self":[{"href":"https:\/\/fairemaerkteschweiz.ch\/fr\/wp-json\/wp\/v2\/posts\/35824","targetHints":{"allow":["GET"]}}],"collection":[{"href":"https:\/\/fairemaerkteschweiz.ch\/fr\/wp-json\/wp\/v2\/posts"}],"about":[{"href":"https:\/\/fairemaerkteschweiz.ch\/fr\/wp-json\/wp\/v2\/types\/post"}],"author":[{"embeddable":true,"href":"https:\/\/fairemaerkteschweiz.ch\/fr\/wp-json\/wp\/v2\/users\/5"}],"replies":[{"embeddable":true,"href":"https:\/\/fairemaerkteschweiz.ch\/fr\/wp-json\/wp\/v2\/comments?post=35824"}],"version-history":[{"count":1,"href":"https:\/\/fairemaerkteschweiz.ch\/fr\/wp-json\/wp\/v2\/posts\/35824\/revisions"}],"predecessor-version":[{"id":35825,"href":"https:\/\/fairemaerkteschweiz.ch\/fr\/wp-json\/wp\/v2\/posts\/35824\/revisions\/35825"}],"wp:featuredmedia":[{"embeddable":true,"href":"https:\/\/fairemaerkteschweiz.ch\/fr\/wp-json\/wp\/v2\/media\/35822"}],"wp:attachment":[{"href":"https:\/\/fairemaerkteschweiz.ch\/fr\/wp-json\/wp\/v2\/media?parent=35824"}],"wp:term":[{"taxonomy":"category","embeddable":true,"href":"https:\/\/fairemaerkteschweiz.ch\/fr\/wp-json\/wp\/v2\/categories?post=35824"},{"taxonomy":"post_tag","embeddable":true,"href":"https:\/\/fairemaerkteschweiz.ch\/fr\/wp-json\/wp\/v2\/tags?post=35824"}],"curies":[{"name":"wp","href":"https:\/\/api.w.org\/{rel}","templated":true}]}}